{"id":14493,"date":"2026-08-29T09:59:55","date_gmt":"2026-08-29T07:59:55","guid":{"rendered":"https:\/\/www.schuetzenkorps-traun.at\/wp\/?p=14493"},"modified":"2026-09-01T10:02:20","modified_gmt":"2026-09-01T08:02:20","slug":"tradition-trifft-uniform","status":"publish","type":"post","link":"https:\/\/www.schuetzenkorps-traun.at\/wp\/tradition-trifft-uniform\/","title":{"rendered":"Tradition trifft Uniform"},"content":{"rendered":"\n<p class=\"wp-block-paragraph\">Das K.u.K. Pionierbataillon 2 war bei der Veranstaltung \u201eTradition trifft Uniform\u201c im Pferdezentrum Stadl-Paura zu Gast.<\/p>\n\n\n\n<p class=\"wp-block-paragraph\">Wo historische Tradition auf gelebte milit\u00e4rische Gegenwart trifft, entsteht ein besonderer Rahmen f\u00fcr Austausch, Begegnung und gemeinsames Erinnern. <img loading=\"lazy\" decoding=\"async\" height=\"16\" width=\"16\" alt=\"&#x2694;&#xfe0f;\" src=\"https:\/\/static.xx.fbcdn.net\/images\/emoji.php\/v9\/t8\/1\/16\/2694.png\"><img loading=\"lazy\" decoding=\"async\" height=\"16\" width=\"16\" alt=\"&#x1f1e6;&#x1f1f9;\" src=\"https:\/\/static.xx.fbcdn.net\/images\/emoji.php\/v9\/t4a\/1\/16\/1f1e6_1f1f9.png\"><\/p>\n\n\n\n<p class=\"wp-block-paragraph\">Ein herzliches Dankesch\u00f6n f\u00fcr die gelungene Veranstaltung und die M\u00f6glichkeit, unsere Tradition und unser Engagement pr\u00e4sentieren zu d\u00fcrfen!<\/p>\n\n\n\n<p class=\"wp-block-paragraph\"><a href=\"https:\/\/www.facebook.com\/hashtag\/kukpionierbataillon2?__cft__[0]=AZgL37e4pae2y5ld8D1bEJCSqkfs4Rfp8UyhzeiK5ZXCo7ydb9srV8T7CtIfAcrrmMhIsKNJ7J0q97NCegWaii639m0WWYjQ0fNC1OfEmqshSXx3b86qRv_z_8DA5nQQt0wDwpN9opI&amp;__tn__=*NK-R\">#KUKPionierbataillon2<\/a><a href=\"https:\/\/www.facebook.com\/hashtag\/traditiontrifftuniform?__cft__[0]=AZgL37e4pae2y5ld8D1bEJCSqkfs4Rfp8UyhzeiK5ZXCo7ydb9srV8T7CtIfAcrrmMhIsKNJ7J0q97NCegWaii639m0WWYjQ0fNC1OfEmqshSXx3b86qRv_z_8DA5nQQt0wDwpN9opI&amp;__tn__=*NK-R\">#TraditionTrifftUniform<\/a><a href=\"https:\/\/www.facebook.com\/hashtag\/stadlpaura?__cft__[0]=AZgL37e4pae2y5ld8D1bEJCSqkfs4Rfp8UyhzeiK5ZXCo7ydb9srV8T7CtIfAcrrmMhIsKNJ7J0q97NCegWaii639m0WWYjQ0fNC1OfEmqshSXx3b86qRv_z_8DA5nQQt0wDwpN9opI&amp;__tn__=*NK-R\">#StadlPaura<\/a><a href=\"https:\/\/www.facebook.com\/hashtag\/pferdezentrumstadlpaura?__cft__[0]=AZgL37e4pae2y5ld8D1bEJCSqkfs4Rfp8UyhzeiK5ZXCo7ydb9srV8T7CtIfAcrrmMhIsKNJ7J0q97NCegWaii639m0WWYjQ0fNC1OfEmqshSXx3b86qRv_z_8DA5nQQt0wDwpN9opI&amp;__tn__=*NK-R\">#PferdezentrumStadlPaura<\/a><a href=\"https:\/\/www.facebook.com\/hashtag\/tradition?__cft__[0]=AZgL37e4pae2y5ld8D1bEJCSqkfs4Rfp8UyhzeiK5ZXCo7ydb9srV8T7CtIfAcrrmMhIsKNJ7J0q97NCegWaii639m0WWYjQ0fNC1OfEmqshSXx3b86qRv_z_8DA5nQQt0wDwpN9opI&amp;__tn__=*NK-R\">#Tradition<\/a><\/p>\n\n\n\n<figure class=\"wp-block-gallery has-nested-images columns-default is-cropped wp-block-gallery-1 is-layout-flex wp-block-gallery-is-layout-flex\">\n<figure class=\"wp-block-image size-large\"><img loading=\"lazy\" decoding=\"async\" width=\"768\" height=\"1024\" data-id=\"14496\" src=\"https:\/\/www.schuetzenkorps-traun.at\/wp\/wp-content\/uploads\/2026\/09\/StadlPaura-1-1-768x1024.jpg\" alt=\"\" class=\"wp-image-14496\" srcset=\"https:\/\/www.schuetzenkorps-traun.at\/wp\/wp-content\/uploads\/2026\/09\/StadlPaura-1-1-768x1024.jpg 768w, https:\/\/www.schuetzenkorps-traun.at\/wp\/wp-content\/uploads\/2026\/09\/StadlPaura-1-1-225x300.jpg 225w, https:\/\/www.schuetzenkorps-traun.at\/wp\/wp-content\/uploads\/2026\/09\/StadlPaura-1-1-1152x1536.jpg 1152w, https:\/\/www.schuetzenkorps-traun.at\/wp\/wp-content\/uploads\/2026\/09\/StadlPaura-1-1-1536x2048.jpg 1536w, https:\/\/www.schuetzenkorps-traun.at\/wp\/wp-content\/uploads\/2026\/09\/StadlPaura-1-1-scaled.jpg 1920w\" sizes=\"auto, (max-width: 768px) 100vw, 768px\" \/><\/figure>\n\n\n\n<figure class=\"wp-block-image size-large\"><img loading=\"lazy\" decoding=\"async\" width=\"768\" height=\"1024\" data-id=\"14494\" src=\"https:\/\/www.schuetzenkorps-traun.at\/wp\/wp-content\/uploads\/2026\/09\/StadlPaura-2-768x1024.jpg\" alt=\"\" class=\"wp-image-14494\" srcset=\"https:\/\/www.schuetzenkorps-traun.at\/wp\/wp-content\/uploads\/2026\/09\/StadlPaura-2-768x1024.jpg 768w, https:\/\/www.schuetzenkorps-traun.at\/wp\/wp-content\/uploads\/2026\/09\/StadlPaura-2-225x300.jpg 225w, https:\/\/www.schuetzenkorps-traun.at\/wp\/wp-content\/uploads\/2026\/09\/StadlPaura-2-1152x1536.jpg 1152w, https:\/\/www.schuetzenkorps-traun.at\/wp\/wp-content\/uploads\/2026\/09\/StadlPaura-2-1536x2048.jpg 1536w, https:\/\/www.schuetzenkorps-traun.at\/wp\/wp-content\/uploads\/2026\/09\/StadlPaura-2-scaled.jpg 1920w\" sizes=\"auto, (max-width: 768px) 100vw, 768px\" \/><\/figure>\n<\/figure>\n","protected":false},"excerpt":{"rendered":"<p>Das K.u.K. Pionierbataillon 2 war bei der Veranstaltung \u201eTradition trifft Uniform\u201c im Pferdezentrum Stadl-Paura zu Gast. Wo historische Tradition auf gelebte milit\u00e4rische Gegenwart trifft, entsteht ein besonderer Rahmen f\u00fcr Austausch, Begegnung und gemeinsames Erinnern. Ein herzliches Dankesch\u00f6n f\u00fcr die gelungene Veranstaltung und die M\u00f6glichkeit, unsere Tradition und unser Engagement pr\u00e4sentieren zu d\u00fcrfen! #KUKPionierbataillon2#TraditionTrifftUniform#StadlPaura#PferdezentrumStadlPaura#Tradition<\/p>\n","protected":false},"author":1,"featured_media":14495,"comment_status":"closed","ping_status":"open","sticky":false,"template":"","format":"standard","meta":{"footnotes":""},"categories":[45],"tags":[],"class_list":["post-14493","post","type-post","status-publish","format-standard","has-post-thumbnail","hentry","category-ausrueckungen-2026"],"blocksy_meta":[],"_links":{"self":[{"href":"https:\/\/www.schuetzenkorps-traun.at\/wp\/wp-json\/wp\/v2\/posts\/14493","targetHints":{"allow":["GET"]}}],"collection":[{"href":"https:\/\/www.schuetzenkorps-traun.at\/wp\/wp-json\/wp\/v2\/posts"}],"about":[{"href":"https:\/\/www.schuetzenkorps-traun.at\/wp\/wp-json\/wp\/v2\/types\/post"}],"author":[{"embeddable":true,"href":"https:\/\/www.schuetzenkorps-traun.at\/wp\/wp-json\/wp\/v2\/users\/1"}],"replies":[{"embeddable":true,"href":"https:\/\/www.schuetzenkorps-traun.at\/wp\/wp-json\/wp\/v2\/comments?post=14493"}],"version-history":[{"count":1,"href":"https:\/\/www.schuetzenkorps-traun.at\/wp\/wp-json\/wp\/v2\/posts\/14493\/revisions"}],"predecessor-version":[{"id":14497,"href":"https:\/\/www.schuetzenkorps-traun.at\/wp\/wp-json\/wp\/v2\/posts\/14493\/revisions\/14497"}],"wp:featuredmedia":[{"embeddable":true,"href":"https:\/\/www.schuetzenkorps-traun.at\/wp\/wp-json\/wp\/v2\/media\/14495"}],"wp:attachment":[{"href":"https:\/\/www.schuetzenkorps-traun.at\/wp\/wp-json\/wp\/v2\/media?parent=14493"}],"wp:term":[{"taxonomy":"category","embeddable":true,"href":"https:\/\/www.schuetzenkorps-traun.at\/wp\/wp-json\/wp\/v2\/categories?post=14493"},{"taxonomy":"post_tag","embeddable":true,"href":"https:\/\/www.schuetzenkorps-traun.at\/wp\/wp-json\/wp\/v2\/tags?post=14493"}],"curies":[{"name":"wp","href":"https:\/\/api.w.org\/{rel}","templated":true}]}}